{"id":484,"date":"2022-07-01T18:19:16","date_gmt":"2022-07-01T16:19:16","guid":{"rendered":"https:\/\/lesatelierspetassou.fr\/bienvenue\/?p=484"},"modified":"2022-07-01T18:26:13","modified_gmt":"2022-07-01T16:26:13","slug":"les-atelier-petassou-sur-les-marches","status":"publish","type":"post","link":"https:\/\/lesatelierspetassou.fr\/bienvenue\/les-atelier-petassou-sur-les-marches\/","title":{"rendered":"[Nouveau]"},"content":{"rendered":"\n<h2 class=\"wp-block-heading\">Bient\u00f4t sur les March\u00e9s de Ville !<\/h2>\n\n\n\n<p><br>N&#8217;ayant pas encore trouv\u00e9 mon bonheur pour la mobilit\u00e9 de mes services (sans vous le cacher, un camion, c&#8217;est un gros investissement&#8230;), j&#8217;ai opt\u00e9 pour une solution interm\u00e9diaire pour venir \u00e0 votre rencontre !<\/p>\n\n\n\n<p>Je serai d\u00e9sormais pr\u00e9sente sur certains march\u00e9s de villes, comme Audenge (mardi matin), Saint-Symphorien (mercredi matin), Salles (Samedi matin).  <\/p>\n\n\n\n<h2 class=\"wp-block-heading\">Sur place, vous pourrez venir : <\/h2>\n\n\n\n<ul class=\"wp-block-list\"><li>D\u00e9poser vos machines pour une r\u00e9vision, ou une r\u00e9paration<\/li><li>Prendre quelques conseils d&#8217;entretien, ou de couture<\/li><li>Prendre RDV pour la prise en main de votre machine (surjeteuse, machine \u00e0 coudre, recouvreuse\u2026)<\/li><li>Commander ou acheter quelques fournitures de mercerie : \u00e9pingles, aiguilles, canettes, huile, pinceau&#8230;<\/li><li>Simplement, me faire un petit coucou pour me dire que vous avez bien vu cette info \ud83d\ude42<\/li><\/ul>\n\n\n\n<h3 class=\"wp-block-heading\">Le 5 Juillet &#8211; Audenge (Ma Premi\u00e8re !)<\/h3>\n\n\n\n<p>Voici une projection des premi\u00e8res dates \u00e0 l&#8217;heure actuelle :<\/p>\n\n\n\n<ul class=\"wp-block-list\"><li>Audenge &#8211; Bassin d&#8217;Arcachon : le mardi 5 Juillet<\/li><li>St-Symphorien &#8211; Sud Gironde : le mercredi 13 juillet<\/li><li>Salles &#8211; Val de l&#8217;Eyre : le 23 juillet<\/li><\/ul>\n\n\n\n<p>Cette premi\u00e8re lanc\u00e9e, me permettra de mettre tout en \u0153uvre pour que tout roule pour le mieux \u00e0 la Rentr\u00e9e !<\/p>\n\n\n\n<p>Alors si vous avez vous-m\u00eame ou connaissez quelqu&#8217;un qui aurait&#8230; besoin de me rencontrer&#8230; vous n&#8217;avez plus qu&#8217;\u00e0 noter dans votre agenda de venir me voir et partager l&#8217;information autour de vous !<\/p>\n\n\n\n<figure class=\"wp-block-gallery columns-2 is-cropped wp-block-gallery-1 is-layout-flex wp-block-gallery-is-layout-flex\"><ul class=\"blocks-gallery-grid\"><li class=\"blocks-gallery-item\"><figure><a href=\"https:\/\/lesatelierspetassou.fr\/wp-content\/uploads\/2022\/07\/MARCHE-AUDENGE.jpg\"><img loading=\"lazy\" decoding=\"async\" width=\"940\" height=\"788\" src=\"https:\/\/lesatelierspetassou.fr\/wp-content\/uploads\/2022\/07\/MARCHE-AUDENGE.jpg\" alt=\"\" data-id=\"491\" data-full-url=\"https:\/\/lesatelierspetassou.fr\/wp-content\/uploads\/2022\/07\/MARCHE-AUDENGE.jpg\" data-link=\"https:\/\/lesatelierspetassou.fr\/bienvenue\/?attachment_id=491\" class=\"wp-image-491\" srcset=\"https:\/\/lesatelierspetassou.fr\/wp-content\/uploads\/2022\/07\/MARCHE-AUDENGE.jpg 940w, https:\/\/lesatelierspetassou.fr\/wp-content\/uploads\/2022\/07\/MARCHE-AUDENGE-300x251.jpg 300w, https:\/\/lesatelierspetassou.fr\/wp-content\/uploads\/2022\/07\/MARCHE-AUDENGE-768x644.jpg 768w\" sizes=\"auto, (max-width: 940px) 100vw, 940px\" \/><\/a><figcaption class=\"blocks-gallery-item__caption\">Venez me retrouver au March\u00e9 d&#8217;Audenge, ce Mardi 5 juillet 2022 !<\/figcaption><\/figure><\/li><li class=\"blocks-gallery-item\"><figure><a href=\"https:\/\/lesatelierspetassou.fr\/wp-content\/uploads\/2022\/07\/MARCHE-ST-SYMPHORIEN.jpg\"><img loading=\"lazy\" decoding=\"async\" width=\"940\" height=\"788\" src=\"https:\/\/lesatelierspetassou.fr\/wp-content\/uploads\/2022\/07\/MARCHE-ST-SYMPHORIEN.jpg\" alt=\"\" data-id=\"493\" data-full-url=\"https:\/\/lesatelierspetassou.fr\/wp-content\/uploads\/2022\/07\/MARCHE-ST-SYMPHORIEN.jpg\" data-link=\"https:\/\/lesatelierspetassou.fr\/bienvenue\/?attachment_id=493\" class=\"wp-image-493\" srcset=\"https:\/\/lesatelierspetassou.fr\/wp-content\/uploads\/2022\/07\/MARCHE-ST-SYMPHORIEN.jpg 940w, https:\/\/lesatelierspetassou.fr\/wp-content\/uploads\/2022\/07\/MARCHE-ST-SYMPHORIEN-300x251.jpg 300w, https:\/\/lesatelierspetassou.fr\/wp-content\/uploads\/2022\/07\/MARCHE-ST-SYMPHORIEN-768x644.jpg 768w\" sizes=\"auto, (max-width: 940px) 100vw, 940px\" \/><\/a><figcaption class=\"blocks-gallery-item__caption\">Venez me retrouver au Marche de Saint-Symphorien, ce Mercredi 13 juillet 2022 !<\/figcaption><\/figure><\/li><\/ul><figcaption class=\"blocks-gallery-caption\">Entretien et R\u00e9paration de Machine \u00e0 Coudre \u00e0 proximit\u00e9 de chez vous !<\/figcaption><\/figure>\n","protected":false},"excerpt":{"rendered":"<p>Bient\u00f4t sur les March\u00e9s de Ville ! N&#8217;ayant pas encore trouv\u00e9 mon bonheur pour la mobilit\u00e9 de mes services (sans vous le cacher, un camion, c&#8217;est un gros investissement&#8230;), j&#8217;ai opt\u00e9 pour une solution interm\u00e9diaire pour venir \u00e0 votre rencontre ! Je serai d\u00e9sormais pr\u00e9sente sur certains march\u00e9s de villes, comme Audenge (mardi matin), Saint-Symphorien [&hellip;]<\/p>\n","protected":false},"author":1,"featured_media":499,"comment_status":"closed","ping_status":"closed","sticky":false,"template":"","format":"image","meta":{"_jetpack_memberships_contains_paid_content":false,"footnotes":""},"categories":[10],"tags":[12,13,11,14],"class_list":["post-484","post","type-post","status-publish","format-image","has-post-thumbnail","hentry","category-actualite-evenements","tag-actualite","tag-marches-de-ville","tag-nouveau","tag-proximite","post_format-post-format-image"],"jetpack_featured_media_url":"https:\/\/lesatelierspetassou.fr\/wp-content\/uploads\/2022\/07\/Capture-Marche-Audenge.png","featured_image_src":"https:\/\/lesatelierspetassou.fr\/wp-content\/uploads\/2022\/07\/Capture-Marche-Audenge-600x355.png","featured_image_src_square":"https:\/\/lesatelierspetassou.fr\/wp-content\/uploads\/2022\/07\/Capture-Marche-Audenge-600x355.png","author_info":{"display_name":"Aur\u00e9lie - Les Ateliers Petassou","author_link":"https:\/\/lesatelierspetassou.fr\/bienvenue\/author\/admin5596\/"},"jetpack_sharing_enabled":true,"_links":{"self":[{"href":"https:\/\/lesatelierspetassou.fr\/bienvenue\/wp-json\/wp\/v2\/posts\/484","targetHints":{"allow":["GET"]}}],"collection":[{"href":"https:\/\/lesatelierspetassou.fr\/bienvenue\/wp-json\/wp\/v2\/posts"}],"about":[{"href":"https:\/\/lesatelierspetassou.fr\/bienvenue\/wp-json\/wp\/v2\/types\/post"}],"author":[{"embeddable":true,"href":"https:\/\/lesatelierspetassou.fr\/bienvenue\/wp-json\/wp\/v2\/users\/1"}],"replies":[{"embeddable":true,"href":"https:\/\/lesatelierspetassou.fr\/bienvenue\/wp-json\/wp\/v2\/comments?post=484"}],"version-history":[{"count":10,"href":"https:\/\/lesatelierspetassou.fr\/bienvenue\/wp-json\/wp\/v2\/posts\/484\/revisions"}],"predecessor-version":[{"id":501,"href":"https:\/\/lesatelierspetassou.fr\/bienvenue\/wp-json\/wp\/v2\/posts\/484\/revisions\/501"}],"wp:featuredmedia":[{"embeddable":true,"href":"https:\/\/lesatelierspetassou.fr\/bienvenue\/wp-json\/wp\/v2\/media\/499"}],"wp:attachment":[{"href":"https:\/\/lesatelierspetassou.fr\/bienvenue\/wp-json\/wp\/v2\/media?parent=484"}],"wp:term":[{"taxonomy":"category","embeddable":true,"href":"https:\/\/lesatelierspetassou.fr\/bienvenue\/wp-json\/wp\/v2\/categories?post=484"},{"taxonomy":"post_tag","embeddable":true,"href":"https:\/\/lesatelierspetassou.fr\/bienvenue\/wp-json\/wp\/v2\/tags?post=484"}],"curies":[{"name":"wp","href":"https:\/\/api.w.org\/{rel}","templated":true}]}}